{"id":605,"date":"2016-03-03T18:16:25","date_gmt":"2016-03-03T18:16:25","guid":{"rendered":"http:\/\/optinature.net\/?p=605"},"modified":"2018-04-13T08:49:15","modified_gmt":"2018-04-13T08:49:15","slug":"lupas-de-campo-claro","status":"publish","type":"post","link":"https:\/\/www.industriaoptica.com\/?p=605","title":{"rendered":"Lupas de campo claro."},"content":{"rendered":"<h1>Disponer de una ayuda funcional en la visi\u00f3n, es algo fundamental para todo paciente.<\/h1>\n<p><a href=\"https:\/\/optinaturedotnet.files.wordpress.com\/2016\/03\/321-set.jpg\" rel=\"attachment wp-att-607\"><img loading=\"lazy\" class=\"wp-image-607 alignleft\" src=\"https:\/\/optinaturedotnet.files.wordpress.com\/2016\/03\/321-set-e1457024981214.jpg?w=300\" alt=\"321-set\" width=\"193\" height=\"150\" srcset=\"https:\/\/www.industriaoptica.com\/wp-content\/uploads\/2016\/03\/321-set-e1457024981214.jpg 558w, https:\/\/www.industriaoptica.com\/wp-content\/uploads\/2016\/03\/321-set-e1457024981214-300x233.jpg 300w\" sizes=\"(max-width: 193px) 100vw, 193px\" \/><\/a>\u00a0Lupas de gran aumento y que gracias a su formato transparente \u00abcaptan\u00bb toda la luminosidad de su alrededor y la concentran en el punto de visi\u00f3n. Perfectas para terapias infantiles y de d\u00e9ficit de atenci\u00f3n.<!--more--><\/p>\n<p>Disponibles<a href=\"https:\/\/optinaturedotnet.files.wordpress.com\/2016\/03\/321.jpg\" rel=\"attachment wp-att-608\"><img loading=\"lazy\" class=\"alignright wp-image-608 \" src=\"https:\/\/optinaturedotnet.files.wordpress.com\/2016\/03\/321-e1457025099890.jpg?w=300\" alt=\"321\" width=\"201\" height=\"174\" srcset=\"https:\/\/www.industriaoptica.com\/wp-content\/uploads\/2016\/03\/321-e1457025099890.jpg 458w, https:\/\/www.industriaoptica.com\/wp-content\/uploads\/2016\/03\/321-e1457025099890-300x259.jpg 300w\" sizes=\"(max-width: 201px) 100vw, 201px\" \/><\/a>\u00a0en m\u00faltiples tama\u00f1os, su alto r\u00e9gimen de aumentos las hacen perfectas para la lectura.\u00a0Su posici\u00f3n de apoyo sobre la superficie en la que se trabaja, les da una gran estabilidad aunque el usuario tenga el pulso no muy firme.<\/p>\n<p>Modelos desde 65mm hasta 80mm, todas con 4x aumentos.<\/p>\n<p>Referencias como la 501221, 6912, 6913, 6911.<\/p>\n<div id='gallery-1' class='gallery galleryid-605 gallery-columns-3 gallery-size-medium'><figure class='gallery-item'>\n\t\t\t<div class='gallery-icon landscape'>\n\t\t\t\t<a href='https:\/\/www.industriaoptica.com\/?attachment_id=606'><img width=\"300\" height=\"169\" src=\"https:\/\/www.industriaoptica.com\/wp-content\/uploads\/2016\/03\/cabecera-lupa-6912-bb1-300x169.jpg\" class=\"attachment-medium size-medium\" alt=\"\" loading=\"lazy\" srcset=\"https:\/\/www.industriaoptica.com\/wp-content\/uploads\/2016\/03\/cabecera-lupa-6912-bb1-300x169.jpg 300w, https:\/\/www.industriaoptica.com\/wp-content\/uploads\/2016\/03\/cabecera-lupa-6912-bb1-768x432.jpg 768w, https:\/\/www.industriaoptica.com\/wp-content\/uploads\/2016\/03\/cabecera-lupa-6912-bb1-1024x576.jpg 1024w, https:\/\/www.industriaoptica.com\/wp-content\/uploads\/2016\/03\/cabecera-lupa-6912-bb1.jpg 1280w\" sizes=\"(max-width: 300px) 100vw, 300px\" \/><\/a>\n\t\t\t<\/div><\/figure><figure class='gallery-item'>\n\t\t\t<div class='gallery-icon landscape'>\n\t\t\t\t<a href='https:\/\/www.industriaoptica.com\/?attachment_id=610'><img width=\"300\" height=\"225\" src=\"https:\/\/www.industriaoptica.com\/wp-content\/uploads\/2016\/03\/6913-300x225.jpg\" class=\"attachment-medium size-medium\" alt=\"\" loading=\"lazy\" srcset=\"https:\/\/www.industriaoptica.com\/wp-content\/uploads\/2016\/03\/6913-300x225.jpg 300w, https:\/\/www.industriaoptica.com\/wp-content\/uploads\/2016\/03\/6913-768x576.jpg 768w, https:\/\/www.industriaoptica.com\/wp-content\/uploads\/2016\/03\/6913.jpg 800w\" sizes=\"(max-width: 300px) 100vw, 300px\" \/><\/a>\n\t\t\t<\/div><\/figure><figure class='gallery-item'>\n\t\t\t<div class='gallery-icon landscape'>\n\t\t\t\t<a href='https:\/\/www.industriaoptica.com\/?attachment_id=613'><img width=\"300\" height=\"218\" src=\"https:\/\/www.industriaoptica.com\/wp-content\/uploads\/2016\/03\/6916-300x218.jpg\" class=\"attachment-medium size-medium\" alt=\"\" loading=\"lazy\" srcset=\"https:\/\/www.industriaoptica.com\/wp-content\/uploads\/2016\/03\/6916-300x218.jpg 300w, https:\/\/www.industriaoptica.com\/wp-content\/uploads\/2016\/03\/6916-768x558.jpg 768w, https:\/\/www.industriaoptica.com\/wp-content\/uploads\/2016\/03\/6916-1024x744.jpg 1024w, https:\/\/www.industriaoptica.com\/wp-content\/uploads\/2016\/03\/6916.jpg 1578w\" sizes=\"(max-width: 300px) 100vw, 300px\" \/><\/a>\n\t\t\t<\/div><\/figure><figure class='gallery-item'>\n\t\t\t<div class='gallery-icon landscape'>\n\t\t\t\t<a href='https:\/\/www.industriaoptica.com\/?attachment_id=609'><img width=\"300\" height=\"225\" src=\"https:\/\/www.industriaoptica.com\/wp-content\/uploads\/2016\/03\/6912-300x225.jpg\" class=\"attachment-medium size-medium\" alt=\"\" loading=\"lazy\" srcset=\"https:\/\/www.industriaoptica.com\/wp-content\/uploads\/2016\/03\/6912-300x225.jpg 300w, https:\/\/www.industriaoptica.com\/wp-content\/uploads\/2016\/03\/6912-768x576.jpg 768w, https:\/\/www.industriaoptica.com\/wp-content\/uploads\/2016\/03\/6912.jpg 800w\" sizes=\"(max-width: 300px) 100vw, 300px\" \/><\/a>\n\t\t\t<\/div><\/figure><figure class='gallery-item'>\n\t\t\t<div class='gallery-icon portrait'>\n\t\t\t\t<a href='https:\/\/www.industriaoptica.com\/?attachment_id=612'><img width=\"251\" height=\"300\" src=\"https:\/\/www.industriaoptica.com\/wp-content\/uploads\/2016\/03\/6915-251x300.jpg\" class=\"attachment-medium size-medium\" alt=\"\" loading=\"lazy\" srcset=\"https:\/\/www.industriaoptica.com\/wp-content\/uploads\/2016\/03\/6915-251x300.jpg 251w, https:\/\/www.industriaoptica.com\/wp-content\/uploads\/2016\/03\/6915-768x918.jpg 768w, https:\/\/www.industriaoptica.com\/wp-content\/uploads\/2016\/03\/6915-857x1024.jpg 857w, https:\/\/www.industriaoptica.com\/wp-content\/uploads\/2016\/03\/6915.jpg 1785w\" sizes=\"(max-width: 251px) 100vw, 251px\" \/><\/a>\n\t\t\t<\/div><\/figure><figure class='gallery-item'>\n\t\t\t<div class='gallery-icon landscape'>\n\t\t\t\t<a href='https:\/\/www.industriaoptica.com\/?attachment_id=608'><img width=\"300\" height=\"259\" src=\"https:\/\/www.industriaoptica.com\/wp-content\/uploads\/2016\/03\/321-e1457025099890-300x259.jpg\" class=\"attachment-medium size-medium\" alt=\"\" loading=\"lazy\" srcset=\"https:\/\/www.industriaoptica.com\/wp-content\/uploads\/2016\/03\/321-e1457025099890-300x259.jpg 300w, https:\/\/www.industriaoptica.com\/wp-content\/uploads\/2016\/03\/321-e1457025099890.jpg 458w\" sizes=\"(max-width: 300px) 100vw, 300px\" \/><\/a>\n\t\t\t<\/div><\/figure><figure class='gallery-item'>\n\t\t\t<div class='gallery-icon landscape'>\n\t\t\t\t<a href='https:\/\/www.industriaoptica.com\/?attachment_id=611'><img width=\"300\" height=\"280\" src=\"https:\/\/www.industriaoptica.com\/wp-content\/uploads\/2016\/03\/6914-300x280.jpg\" class=\"attachment-medium size-medium\" alt=\"\" loading=\"lazy\" srcset=\"https:\/\/www.industriaoptica.com\/wp-content\/uploads\/2016\/03\/6914-300x280.jpg 300w, https:\/\/www.industriaoptica.com\/wp-content\/uploads\/2016\/03\/6914-768x717.jpg 768w, https:\/\/www.industriaoptica.com\/wp-content\/uploads\/2016\/03\/6914-1024x955.jpg 1024w, https:\/\/www.industriaoptica.com\/wp-content\/uploads\/2016\/03\/6914.jpg 2029w\" sizes=\"(max-width: 300px) 100vw, 300px\" \/><\/a>\n\t\t\t<\/div><\/figure><figure class='gallery-item'>\n\t\t\t<div class='gallery-icon landscape'>\n\t\t\t\t<a href='https:\/\/www.industriaoptica.com\/?attachment_id=607'><img width=\"300\" height=\"233\" src=\"https:\/\/www.industriaoptica.com\/wp-content\/uploads\/2016\/03\/321-set-e1457024981214-300x233.jpg\" class=\"attachment-medium size-medium\" alt=\"\" loading=\"lazy\" srcset=\"https:\/\/www.industriaoptica.com\/wp-content\/uploads\/2016\/03\/321-set-e1457024981214-300x233.jpg 300w, https:\/\/www.industriaoptica.com\/wp-content\/uploads\/2016\/03\/321-set-e1457024981214.jpg 558w\" sizes=\"(max-width: 300px) 100vw, 300px\" \/><\/a>\n\t\t\t<\/div><\/figure>\n\t\t<\/div>\n\n<p>&nbsp;<\/p>\n<p>&nbsp;<\/p>\n","protected":false},"excerpt":{"rendered":"<p>Disponer de una ayuda funcional en la visi\u00f3n, es algo fundamental para todo paciente. \u00a0Lupas de gran aumento y que gracias a su formato transparente \u00abcaptan\u00bb toda la luminosidad de su alrededor y la concentran en el punto de visi\u00f3n. Perfectas para terapias infantiles y de d\u00e9ficit de atenci\u00f3n.<\/p>\n","protected":false},"author":2,"featured_media":606,"comment_status":"closed","ping_status":"open","sticky":false,"template":"","format":"standard","meta":[],"categories":[8,9,16],"tags":[31,32,39,44,46,52,56,60],"_links":{"self":[{"href":"https:\/\/www.industriaoptica.com\/index.php?rest_route=\/wp\/v2\/posts\/605"}],"collection":[{"href":"https:\/\/www.industriaoptica.com\/index.php?rest_route=\/wp\/v2\/posts"}],"about":[{"href":"https:\/\/www.industriaoptica.com\/index.php?rest_route=\/wp\/v2\/types\/post"}],"author":[{"embeddable":true,"href":"https:\/\/www.industriaoptica.com\/index.php?rest_route=\/wp\/v2\/users\/2"}],"replies":[{"embeddable":true,"href":"https:\/\/www.industriaoptica.com\/index.php?rest_route=%2Fwp%2Fv2%2Fcomments&post=605"}],"version-history":[{"count":1,"href":"https:\/\/www.industriaoptica.com\/index.php?rest_route=\/wp\/v2\/posts\/605\/revisions"}],"predecessor-version":[{"id":1004,"href":"https:\/\/www.industriaoptica.com\/index.php?rest_route=\/wp\/v2\/posts\/605\/revisions\/1004"}],"wp:featuredmedia":[{"embeddable":true,"href":"https:\/\/www.industriaoptica.com\/index.php?rest_route=\/wp\/v2\/media\/606"}],"wp:attachment":[{"href":"https:\/\/www.industriaoptica.com\/index.php?rest_route=%2Fwp%2Fv2%2Fmedia&parent=605"}],"wp:term":[{"taxonomy":"category","embeddable":true,"href":"https:\/\/www.industriaoptica.com\/index.php?rest_route=%2Fwp%2Fv2%2Fcategories&post=605"},{"taxonomy":"post_tag","embeddable":true,"href":"https:\/\/www.industriaoptica.com\/index.php?rest_route=%2Fwp%2Fv2%2Ftags&post=605"}],"curies":[{"name":"wp","href":"https:\/\/api.w.org\/{rel}","templated":true}]}}