{"id":333,"date":"2016-02-03T17:19:16","date_gmt":"2016-02-03T16:19:16","guid":{"rendered":"http:\/\/optinature.net\/?p=333"},"modified":"2016-02-03T17:19:16","modified_gmt":"2016-02-03T16:19:16","slug":"sm51pro-alerta-temprana","status":"publish","type":"post","link":"https:\/\/www.industriaoptica.com\/?p=333","title":{"rendered":"SM51PRO. Alerta Temprana."},"content":{"rendered":"<h1>La predicci\u00f3n meteorol\u00f3gica m\u00e1s precisa minuto a minuto.<\/h1>\n<p><a href=\"https:\/\/optinaturedotnet.files.wordpress.com\/2016\/02\/station-meteo-complete-pantalla-sm51pro.jpg\" rel=\"attachment wp-att-330\"><img loading=\"lazy\" class=\" wp-image-330 alignleft\" src=\"https:\/\/optinaturedotnet.files.wordpress.com\/2016\/02\/station-meteo-complete-pantalla-sm51pro.jpg?w=300\" alt=\"station-meteo-complete-PANTALLA-SM51PRO\" width=\"212\" height=\"212\" srcset=\"https:\/\/www.industriaoptica.com\/wp-content\/uploads\/2016\/02\/station-meteo-complete-pantalla-sm51pro.jpg 1200w, https:\/\/www.industriaoptica.com\/wp-content\/uploads\/2016\/02\/station-meteo-complete-pantalla-sm51pro-150x150.jpg 150w, https:\/\/www.industriaoptica.com\/wp-content\/uploads\/2016\/02\/station-meteo-complete-pantalla-sm51pro-300x300.jpg 300w, https:\/\/www.industriaoptica.com\/wp-content\/uploads\/2016\/02\/station-meteo-complete-pantalla-sm51pro-768x768.jpg 768w, https:\/\/www.industriaoptica.com\/wp-content\/uploads\/2016\/02\/station-meteo-complete-pantalla-sm51pro-1024x1024.jpg 1024w\" sizes=\"(max-width: 212px) 100vw, 212px\" \/><\/a>La estaci\u00f3n <a href=\"http:\/\/www.industriaoptica.com\/productos.bbi?criterio=sm51&amp;x=0&amp;y=0\" target=\"_blank\">SM51PRO<\/a> de Inovalley, muestra en una \u00fanica pantalla de gran formato TODA la informaci\u00f3n meteorol\u00f3gica que podemos necesitar para tener una clara referencia de que tiempo vamos a tener en las pr\u00f3ximas 12\/24h.<\/p>\n<p><!--more--><\/p>\n<p>Disponer en un \u00fanico vistazo de toda la informaci\u00f3n necesaria para saber que tendencia climatol\u00f3gica tenemos en nuestra zona, es una herramienta muy \u00fatil.<a href=\"https:\/\/optinaturedotnet.files.wordpress.com\/2016\/02\/imagen-galeria-meteo-e1454515557362.jpg\" rel=\"attachment wp-att-334\"><img loading=\"lazy\" class=\" wp-image-334 alignright\" src=\"https:\/\/optinaturedotnet.files.wordpress.com\/2016\/02\/imagen-galeria-meteo-e1454515557362.jpg?w=300\" alt=\"imagen-galeria-meteo\" width=\"186\" height=\"141\" srcset=\"https:\/\/www.industriaoptica.com\/wp-content\/uploads\/2016\/02\/imagen-galeria-meteo-e1454515557362.jpg 648w, https:\/\/www.industriaoptica.com\/wp-content\/uploads\/2016\/02\/imagen-galeria-meteo-e1454515557362-300x227.jpg 300w\" sizes=\"(max-width: 186px) 100vw, 186px\" \/><\/a><\/p>\n<p>Todos podemos acceder a datos e <a href=\"http:\/\/www.aemet.es\/es\/portada\" target=\"_blank\">informaci\u00f3n meteorol\u00f3gica<\/a> a trav\u00e9s de Internet, y es muy precisa&#8230;. siempre y cuando la estaci\u00f3n de captaci\u00f3n de datos este cerca de nuestra localizaci\u00f3n.<\/p>\n<p>Por ello, en muchas ocasiones, disponer de una herramienta como la SM51PRO, nos permitir\u00e1 \u00abadelantarnos\u00bb a la climatolog\u00eda y tomar las decisiones correctas.<\/p>\n<p>La estaci\u00f3n, esta dotada de un m\u00e1stil que soporta todos los sensores y env\u00eda la informaci\u00f3n v\u00eda radiofrecuencia a la pantalla, los datos suministrados son:<a href=\"https:\/\/optinaturedotnet.files.wordpress.com\/2016\/02\/station-meteo-complete-mastil-sm51pro.jpg\" rel=\"attachment wp-att-331\"><img loading=\"lazy\" class=\" wp-image-331 alignright\" src=\"https:\/\/optinaturedotnet.files.wordpress.com\/2016\/02\/station-meteo-complete-mastil-sm51pro.jpg?w=300\" alt=\"station-meteo-complete-MASTIL-SM51PRO\" width=\"177\" height=\"177\" srcset=\"https:\/\/www.industriaoptica.com\/wp-content\/uploads\/2016\/02\/station-meteo-complete-mastil-sm51pro.jpg 1200w, https:\/\/www.industriaoptica.com\/wp-content\/uploads\/2016\/02\/station-meteo-complete-mastil-sm51pro-150x150.jpg 150w, https:\/\/www.industriaoptica.com\/wp-content\/uploads\/2016\/02\/station-meteo-complete-mastil-sm51pro-300x300.jpg 300w, https:\/\/www.industriaoptica.com\/wp-content\/uploads\/2016\/02\/station-meteo-complete-mastil-sm51pro-768x768.jpg 768w, https:\/\/www.industriaoptica.com\/wp-content\/uploads\/2016\/02\/station-meteo-complete-mastil-sm51pro-1024x1024.jpg 1024w\" sizes=\"(max-width: 177px) 100vw, 177px\" \/><\/a><\/p>\n<ul>\n<li>Anem\u00f3metro<\/li>\n<li>Veleta<\/li>\n<li>Temperatura<\/li>\n<li>Humedad<\/li>\n<li>Presi\u00f3n atmosf\u00e9rica<\/li>\n<\/ul>\n<p>As\u00ed mismo, la estaci\u00f3n tambi\u00e9n informa de:<\/p>\n<ul>\n<li>Fase lunar<\/li>\n<li>Temperatura y humedad del punto en donde se encuentra la estaci\u00f3n<\/li>\n<li>Hist\u00f3rico de barras de la presi\u00f3n.<\/li>\n<li>Alertas.<\/li>\n<li>Fecha y hora Radio Controlada.<\/li>\n<\/ul>\n<div id='gallery-1' class='gallery galleryid-333 gallery-columns-3 gallery-size-thumbnail'><figure class='gallery-item'>\n\t\t\t<div class='gallery-icon landscape'>\n\t\t\t\t<a href='https:\/\/www.industriaoptica.com\/?attachment_id=332'><img width=\"150\" height=\"150\" src=\"https:\/\/www.industriaoptica.com\/wp-content\/uploads\/2016\/02\/station-meteo-complete-sm51pro-150x150.jpg\" class=\"attachment-thumbnail size-thumbnail\" alt=\"\" loading=\"lazy\" srcset=\"https:\/\/www.industriaoptica.com\/wp-content\/uploads\/2016\/02\/station-meteo-complete-sm51pro-150x150.jpg 150w, https:\/\/www.industriaoptica.com\/wp-content\/uploads\/2016\/02\/station-meteo-complete-sm51pro-300x300.jpg 300w, https:\/\/www.industriaoptica.com\/wp-content\/uploads\/2016\/02\/station-meteo-complete-sm51pro-768x768.jpg 768w, https:\/\/www.industriaoptica.com\/wp-content\/uploads\/2016\/02\/station-meteo-complete-sm51pro-1024x1024.jpg 1024w, https:\/\/www.industriaoptica.com\/wp-content\/uploads\/2016\/02\/station-meteo-complete-sm51pro.jpg 1200w\" sizes=\"(max-width: 150px) 100vw, 150px\" \/><\/a>\n\t\t\t<\/div><\/figure><figure class='gallery-item'>\n\t\t\t<div class='gallery-icon landscape'>\n\t\t\t\t<a href='https:\/\/www.industriaoptica.com\/?attachment_id=331'><img width=\"150\" height=\"150\" src=\"https:\/\/www.industriaoptica.com\/wp-content\/uploads\/2016\/02\/station-meteo-complete-mastil-sm51pro-150x150.jpg\" class=\"attachment-thumbnail size-thumbnail\" alt=\"\" loading=\"lazy\" srcset=\"https:\/\/www.industriaoptica.com\/wp-content\/uploads\/2016\/02\/station-meteo-complete-mastil-sm51pro-150x150.jpg 150w, https:\/\/www.industriaoptica.com\/wp-content\/uploads\/2016\/02\/station-meteo-complete-mastil-sm51pro-300x300.jpg 300w, https:\/\/www.industriaoptica.com\/wp-content\/uploads\/2016\/02\/station-meteo-complete-mastil-sm51pro-768x768.jpg 768w, https:\/\/www.industriaoptica.com\/wp-content\/uploads\/2016\/02\/station-meteo-complete-mastil-sm51pro-1024x1024.jpg 1024w, https:\/\/www.industriaoptica.com\/wp-content\/uploads\/2016\/02\/station-meteo-complete-mastil-sm51pro.jpg 1200w\" sizes=\"(max-width: 150px) 100vw, 150px\" \/><\/a>\n\t\t\t<\/div><\/figure><figure class='gallery-item'>\n\t\t\t<div class='gallery-icon landscape'>\n\t\t\t\t<a href='https:\/\/www.industriaoptica.com\/?attachment_id=330'><img width=\"150\" height=\"150\" src=\"https:\/\/www.industriaoptica.com\/wp-content\/uploads\/2016\/02\/station-meteo-complete-pantalla-sm51pro-150x150.jpg\" class=\"attachment-thumbnail size-thumbnail\" alt=\"\" loading=\"lazy\" srcset=\"https:\/\/www.industriaoptica.com\/wp-content\/uploads\/2016\/02\/station-meteo-complete-pantalla-sm51pro-150x150.jpg 150w, https:\/\/www.industriaoptica.com\/wp-content\/uploads\/2016\/02\/station-meteo-complete-pantalla-sm51pro-300x300.jpg 300w, https:\/\/www.industriaoptica.com\/wp-content\/uploads\/2016\/02\/station-meteo-complete-pantalla-sm51pro-768x768.jpg 768w, https:\/\/www.industriaoptica.com\/wp-content\/uploads\/2016\/02\/station-meteo-complete-pantalla-sm51pro-1024x1024.jpg 1024w, https:\/\/www.industriaoptica.com\/wp-content\/uploads\/2016\/02\/station-meteo-complete-pantalla-sm51pro.jpg 1200w\" sizes=\"(max-width: 150px) 100vw, 150px\" \/><\/a>\n\t\t\t<\/div><\/figure><figure class='gallery-item'>\n\t\t\t<div class='gallery-icon landscape'>\n\t\t\t\t<a href='https:\/\/www.industriaoptica.com\/?attachment_id=329'><img width=\"150\" height=\"150\" src=\"https:\/\/www.industriaoptica.com\/wp-content\/uploads\/2016\/02\/sm51pro-imagen-destacada-150x150.jpg\" class=\"attachment-thumbnail size-thumbnail\" alt=\"\" loading=\"lazy\" \/><\/a>\n\t\t\t<\/div><\/figure>\n\t\t<\/div>\n\n<p>&nbsp;<\/p>\n<p>&nbsp;<\/p>\n<p>&nbsp;<\/p>\n","protected":false},"excerpt":{"rendered":"<p>La predicci\u00f3n meteorol\u00f3gica m\u00e1s precisa minuto a minuto. La estaci\u00f3n SM51PRO de Inovalley, muestra en una \u00fanica pantalla de gran formato TODA la informaci\u00f3n meteorol\u00f3gica que podemos necesitar para tener una clara referencia de que tiempo vamos a tener en las pr\u00f3ximas 12\/24h.<\/p>\n","protected":false},"author":2,"featured_media":329,"comment_status":"closed","ping_status":"open","sticky":false,"template":"","format":"standard","meta":[],"categories":[10,14],"tags":[37,39,41,43,51,52,62],"_links":{"self":[{"href":"https:\/\/www.industriaoptica.com\/index.php?rest_route=\/wp\/v2\/posts\/333"}],"collection":[{"href":"https:\/\/www.industriaoptica.com\/index.php?rest_route=\/wp\/v2\/posts"}],"about":[{"href":"https:\/\/www.industriaoptica.com\/index.php?rest_route=\/wp\/v2\/types\/post"}],"author":[{"embeddable":true,"href":"https:\/\/www.industriaoptica.com\/index.php?rest_route=\/wp\/v2\/users\/2"}],"replies":[{"embeddable":true,"href":"https:\/\/www.industriaoptica.com\/index.php?rest_route=%2Fwp%2Fv2%2Fcomments&post=333"}],"version-history":[{"count":0,"href":"https:\/\/www.industriaoptica.com\/index.php?rest_route=\/wp\/v2\/posts\/333\/revisions"}],"wp:featuredmedia":[{"embeddable":true,"href":"https:\/\/www.industriaoptica.com\/index.php?rest_route=\/wp\/v2\/media\/329"}],"wp:attachment":[{"href":"https:\/\/www.industriaoptica.com\/index.php?rest_route=%2Fwp%2Fv2%2Fmedia&parent=333"}],"wp:term":[{"taxonomy":"category","embeddable":true,"href":"https:\/\/www.industriaoptica.com\/index.php?rest_route=%2Fwp%2Fv2%2Fcategories&post=333"},{"taxonomy":"post_tag","embeddable":true,"href":"https:\/\/www.industriaoptica.com\/index.php?rest_route=%2Fwp%2Fv2%2Ftags&post=333"}],"curies":[{"name":"wp","href":"https:\/\/api.w.org\/{rel}","templated":true}]}}