{"id":1464,"date":"2018-09-11T10:23:15","date_gmt":"2018-09-11T10:23:15","guid":{"rendered":"http:\/\/www.industriaoptica.com\/?p=1464"},"modified":"2018-09-11T10:24:29","modified_gmt":"2018-09-11T10:24:29","slug":"cuando-el-tamano-si-importa-nuevas-lentes-organicas-1-5-en-diametros-de-85mm","status":"publish","type":"post","link":"https:\/\/www.industriaoptica.com\/?p=1464","title":{"rendered":"Cuando el tama\u00f1o SI IMPORTA&#8230; nuevas lentes org\u00e1nicas 1.5 en di\u00e1metros de 85mm"},"content":{"rendered":"<p><img loading=\"lazy\" class=\"size-medium wp-image-1465 alignright\" src=\"http:\/\/www.industriaoptica.com\/wp-content\/uploads\/2018\/09\/lente_85mm-300x257.jpg\" alt=\"\" width=\"300\" height=\"257\" srcset=\"https:\/\/www.industriaoptica.com\/wp-content\/uploads\/2018\/09\/lente_85mm-300x257.jpg 300w, https:\/\/www.industriaoptica.com\/wp-content\/uploads\/2018\/09\/lente_85mm-768x658.jpg 768w, https:\/\/www.industriaoptica.com\/wp-content\/uploads\/2018\/09\/lente_85mm.jpg 840w\" sizes=\"(max-width: 300px) 100vw, 300px\" \/><\/p>\n<p>Disponibles lentes coloreadas con di\u00e1metros\u00a0 hasta 85mm<\/p>\n<p>Consulte con su comercial precios.<\/p>\n","protected":false},"excerpt":{"rendered":"<p>Disponibles lentes coloreadas con di\u00e1metros\u00a0 hasta 85mm Consulte con su comercial precios.<\/p>\n","protected":false},"author":2,"featured_media":1465,"comment_status":"open","ping_status":"open","sticky":false,"template":"","format":"standard","meta":[],"categories":[7],"tags":[31,32,80,55],"_links":{"self":[{"href":"https:\/\/www.industriaoptica.com\/index.php?rest_route=\/wp\/v2\/posts\/1464"}],"collection":[{"href":"https:\/\/www.industriaoptica.com\/index.php?rest_route=\/wp\/v2\/posts"}],"about":[{"href":"https:\/\/www.industriaoptica.com\/index.php?rest_route=\/wp\/v2\/types\/post"}],"author":[{"embeddable":true,"href":"https:\/\/www.industriaoptica.com\/index.php?rest_route=\/wp\/v2\/users\/2"}],"replies":[{"embeddable":true,"href":"https:\/\/www.industriaoptica.com\/index.php?rest_route=%2Fwp%2Fv2%2Fcomments&post=1464"}],"version-history":[{"count":1,"href":"https:\/\/www.industriaoptica.com\/index.php?rest_route=\/wp\/v2\/posts\/1464\/revisions"}],"predecessor-version":[{"id":1466,"href":"https:\/\/www.industriaoptica.com\/index.php?rest_route=\/wp\/v2\/posts\/1464\/revisions\/1466"}],"wp:featuredmedia":[{"embeddable":true,"href":"https:\/\/www.industriaoptica.com\/index.php?rest_route=\/wp\/v2\/media\/1465"}],"wp:attachment":[{"href":"https:\/\/www.industriaoptica.com\/index.php?rest_route=%2Fwp%2Fv2%2Fmedia&parent=1464"}],"wp:term":[{"taxonomy":"category","embeddable":true,"href":"https:\/\/www.industriaoptica.com\/index.php?rest_route=%2Fwp%2Fv2%2Fcategories&post=1464"},{"taxonomy":"post_tag","embeddable":true,"href":"https:\/\/www.industriaoptica.com\/index.php?rest_route=%2Fwp%2Fv2%2Ftags&post=1464"}],"curies":[{"name":"wp","href":"https:\/\/api.w.org\/{rel}","templated":true}]}}